{"id":1806,"date":"2025-12-15T09:28:32","date_gmt":"2025-12-15T09:28:32","guid":{"rendered":"https:\/\/gabrieljunior.com\/?p=1806"},"modified":"2025-12-15T11:19:56","modified_gmt":"2025-12-15T11:19:56","slug":"mocambique-em-destaque-no-palco-mundial-do-boxe-nos-emirados-arabes-unidos","status":"publish","type":"post","link":"https:\/\/gabrieljunior.com\/en\/mocambique-em-destaque-no-palco-mundial-do-boxe-nos-emirados-arabes-unidos\/","title":{"rendered":"Mo\u00e7ambique em Destaque no Palco Mundial do Boxe nos Emirados \u00c1rabes Unidos"},"content":{"rendered":"<p>Num cen\u00e1rio grandioso, em plena sala de confer\u00eancias nos Emirados \u00c1rabes Unidos, o mundo do boxe reuniu algumas das figuras mais influentes da modalidade para celebrar a vis\u00e3o global do boxe e o anivers\u00e1rio da IBA (Associa\u00e7\u00e3o Internacional de Boxe). O palco foi ocupado por verdadeiros \u00edcones do desporto: Umar Kremlev, presidente da Confedera\u00e7\u00e3o Internacional de Boxe; Shannon Briggs, duas vezes campe\u00e3o mundial dos pesos pesados; Deontay Wilder, ex-campe\u00e3o mundial dos pesos pesados; Loren Alfonso, campe\u00e3o do mundo e medalhista ol\u00edmpico; Rasheeda Ali, advogada e filha do lend\u00e1rio Muhammad Ali.<\/p>\n\n\n\n<p>Representando a voz, a vis\u00e3o e a for\u00e7a do continente africano, foi chamado ao palco Gabriel J\u00fanior, medalha internacional Martin Luther King e presidente da Federa\u00e7\u00e3o de Boxe, num momento carregado de simbolismo e reconhecimento. Na plateia, a assistir atentamente, encontrava-se Manny Pacquiao, oito vezes campe\u00e3o do mundo, uma das maiores lendas vivas do boxe mundial.<\/p>\n\n\n\n<p>Ali estavam n\u00e3o apenas grandes pugilistas, mas tamb\u00e9m l\u00edderes, refer\u00eancias globais e figuras de enorme sucesso, cuja influ\u00eancia ultrapassa o desporto. Diante de nomes t\u00e3o marcantes, a mensagem foi clara e poderosa: o boxe \u00e9 mais do que combates, \u00e9 vis\u00e3o, lideran\u00e7a e inspira\u00e7\u00e3o.<\/p>\n\n\n\n<p>Neste contexto, tornou-se evidente que Mo\u00e7ambique est\u00e1, de facto, no mapa do respeito e do prest\u00edgio internacional. Um reconhecimento que refor\u00e7a o valor da autenticidade, da diferen\u00e7a e da excel\u00eancia como caminhos para a exclusividade.<\/p>\n\n\n\n<p>Ser aut\u00eantico e diferente \u00e9 ser exclusivo.<br>Gratid\u00e3o.<\/p>","protected":false},"excerpt":{"rendered":"<p>Num cen\u00e1rio grandioso, em plena sala de confer\u00eancias nos Emirados \u00c1rabes Unidos, o mundo do boxe reuniu algumas das figuras mais influentes da modalidade para celebrar a vis\u00e3o global do boxe e o anivers\u00e1rio da IBA (Associa\u00e7\u00e3o Internacional de Boxe). O palco foi ocupado por verdadeiros \u00edcones do desporto: Umar Kremlev, presidente da Confedera\u00e7\u00e3o Internacional [&hellip;]<\/p>\n","protected":false},"author":2,"featured_media":1807,"comment_status":"open","ping_status":"open","sticky":false,"template":"","format":"standard","meta":{"footnotes":""},"categories":[7],"tags":[],"class_list":["post-1806","post","type-post","status-publish","format-standard","has-post-thumbnail","hentry","category-desporto"],"yoast_head":"<!-- This site is optimized with the Yoast SEO plugin v27.4 - https:\/\/yoast.com\/product\/yoast-seo-wordpress\/ -->\n<title>Mo\u00e7ambique em Destaque no Palco Mundial do Boxe nos Emirados \u00c1rabes Unidos - Gabriel J\u00fanior<\/title>\n<meta name=\"robots\" content=\"index, follow, max-snippet:-1, max-image-preview:large, max-video-preview:-1\" \/>\n<link rel=\"canonical\" href=\"https:\/\/gabrieljunior.com\/en\/mocambique-em-destaque-no-palco-mundial-do-boxe-nos-emirados-arabes-unidos\/\" \/>\n<meta property=\"og:locale\" content=\"en_US\" \/>\n<meta property=\"og:type\" content=\"article\" \/>\n<meta property=\"og:title\" content=\"Mo\u00e7ambique em Destaque no Palco Mundial do Boxe nos Emirados \u00c1rabes Unidos - Gabriel J\u00fanior\" \/>\n<meta property=\"og:description\" content=\"Num cen\u00e1rio grandioso, em plena sala de confer\u00eancias nos Emirados \u00c1rabes Unidos, o mundo do boxe reuniu algumas das figuras mais influentes da modalidade para celebrar a vis\u00e3o global do boxe e o anivers\u00e1rio da IBA (Associa\u00e7\u00e3o Internacional de Boxe). O palco foi ocupado por verdadeiros \u00edcones do desporto: Umar Kremlev, presidente da Confedera\u00e7\u00e3o Internacional [&hellip;]\" \/>\n<meta property=\"og:url\" content=\"https:\/\/gabrieljunior.com\/en\/mocambique-em-destaque-no-palco-mundial-do-boxe-nos-emirados-arabes-unidos\/\" \/>\n<meta property=\"og:site_name\" content=\"Gabriel J\u00fanior\" \/>\n<meta property=\"article:publisher\" content=\"https:\/\/www.facebook.com\/gabriel.junior.100046\/\" \/>\n<meta property=\"article:published_time\" content=\"2025-12-15T09:28:32+00:00\" \/>\n<meta property=\"article:modified_time\" content=\"2025-12-15T11:19:56+00:00\" \/>\n<meta property=\"og:image\" content=\"https:\/\/gabrieljunior.com\/wp-content\/uploads\/2025\/12\/600981812_1413211716838494_2282136535493467906_n.jpg\" \/>\n\t<meta property=\"og:image:width\" content=\"1440\" \/>\n\t<meta property=\"og:image:height\" content=\"960\" \/>\n\t<meta property=\"og:image:type\" content=\"image\/jpeg\" \/>\n<meta name=\"author\" content=\"Gabriel J\u00fanior\" \/>\n<meta name=\"twitter:card\" content=\"summary_large_image\" \/>\n<meta name=\"twitter:label1\" content=\"Written by\" \/>\n\t<meta name=\"twitter:data1\" content=\"Gabriel J\u00fanior\" \/>\n\t<meta name=\"twitter:label2\" content=\"Est. reading time\" \/>\n\t<meta name=\"twitter:data2\" content=\"2 minutes\" \/>\n<script type=\"application\/ld+json\" class=\"yoast-schema-graph\">{\"@context\":\"https:\\\/\\\/schema.org\",\"@graph\":[{\"@type\":\"Article\",\"@id\":\"https:\\\/\\\/gabrieljunior.com\\\/mocambique-em-destaque-no-palco-mundial-do-boxe-nos-emirados-arabes-unidos\\\/#article\",\"isPartOf\":{\"@id\":\"https:\\\/\\\/gabrieljunior.com\\\/mocambique-em-destaque-no-palco-mundial-do-boxe-nos-emirados-arabes-unidos\\\/\"},\"author\":{\"name\":\"Gabriel J\u00fanior\",\"@id\":\"https:\\\/\\\/gabrieljunior.com\\\/en\\\/#\\\/schema\\\/person\\\/d359b21d04ecd204904f943fe82d245f\"},\"headline\":\"Mo\u00e7ambique em Destaque no Palco Mundial do Boxe nos Emirados \u00c1rabes Unidos\",\"datePublished\":\"2025-12-15T09:28:32+00:00\",\"dateModified\":\"2025-12-15T11:19:56+00:00\",\"mainEntityOfPage\":{\"@id\":\"https:\\\/\\\/gabrieljunior.com\\\/mocambique-em-destaque-no-palco-mundial-do-boxe-nos-emirados-arabes-unidos\\\/\"},\"wordCount\":275,\"commentCount\":0,\"publisher\":{\"@id\":\"https:\\\/\\\/gabrieljunior.com\\\/en\\\/#organization\"},\"image\":{\"@id\":\"https:\\\/\\\/gabrieljunior.com\\\/mocambique-em-destaque-no-palco-mundial-do-boxe-nos-emirados-arabes-unidos\\\/#primaryimage\"},\"thumbnailUrl\":\"https:\\\/\\\/gabrieljunior.com\\\/wp-content\\\/uploads\\\/2025\\\/12\\\/600981812_1413211716838494_2282136535493467906_n.jpg\",\"articleSection\":[\"Desporto\"],\"inLanguage\":\"en-US\",\"potentialAction\":[{\"@type\":\"CommentAction\",\"name\":\"Comment\",\"target\":[\"https:\\\/\\\/gabrieljunior.com\\\/mocambique-em-destaque-no-palco-mundial-do-boxe-nos-emirados-arabes-unidos\\\/#respond\"]}]},{\"@type\":\"WebPage\",\"@id\":\"https:\\\/\\\/gabrieljunior.com\\\/mocambique-em-destaque-no-palco-mundial-do-boxe-nos-emirados-arabes-unidos\\\/\",\"url\":\"https:\\\/\\\/gabrieljunior.com\\\/mocambique-em-destaque-no-palco-mundial-do-boxe-nos-emirados-arabes-unidos\\\/\",\"name\":\"Mo\u00e7ambique em Destaque no Palco Mundial do Boxe nos Emirados \u00c1rabes Unidos - Gabriel J\u00fanior\",\"isPartOf\":{\"@id\":\"https:\\\/\\\/gabrieljunior.com\\\/en\\\/#website\"},\"primaryImageOfPage\":{\"@id\":\"https:\\\/\\\/gabrieljunior.com\\\/mocambique-em-destaque-no-palco-mundial-do-boxe-nos-emirados-arabes-unidos\\\/#primaryimage\"},\"image\":{\"@id\":\"https:\\\/\\\/gabrieljunior.com\\\/mocambique-em-destaque-no-palco-mundial-do-boxe-nos-emirados-arabes-unidos\\\/#primaryimage\"},\"thumbnailUrl\":\"https:\\\/\\\/gabrieljunior.com\\\/wp-content\\\/uploads\\\/2025\\\/12\\\/600981812_1413211716838494_2282136535493467906_n.jpg\",\"datePublished\":\"2025-12-15T09:28:32+00:00\",\"dateModified\":\"2025-12-15T11:19:56+00:00\",\"breadcrumb\":{\"@id\":\"https:\\\/\\\/gabrieljunior.com\\\/mocambique-em-destaque-no-palco-mundial-do-boxe-nos-emirados-arabes-unidos\\\/#breadcrumb\"},\"inLanguage\":\"en-US\",\"potentialAction\":[{\"@type\":\"ReadAction\",\"target\":[\"https:\\\/\\\/gabrieljunior.com\\\/mocambique-em-destaque-no-palco-mundial-do-boxe-nos-emirados-arabes-unidos\\\/\"]}]},{\"@type\":\"ImageObject\",\"inLanguage\":\"en-US\",\"@id\":\"https:\\\/\\\/gabrieljunior.com\\\/mocambique-em-destaque-no-palco-mundial-do-boxe-nos-emirados-arabes-unidos\\\/#primaryimage\",\"url\":\"https:\\\/\\\/gabrieljunior.com\\\/wp-content\\\/uploads\\\/2025\\\/12\\\/600981812_1413211716838494_2282136535493467906_n.jpg\",\"contentUrl\":\"https:\\\/\\\/gabrieljunior.com\\\/wp-content\\\/uploads\\\/2025\\\/12\\\/600981812_1413211716838494_2282136535493467906_n.jpg\",\"width\":1440,\"height\":960},{\"@type\":\"BreadcrumbList\",\"@id\":\"https:\\\/\\\/gabrieljunior.com\\\/mocambique-em-destaque-no-palco-mundial-do-boxe-nos-emirados-arabes-unidos\\\/#breadcrumb\",\"itemListElement\":[{\"@type\":\"ListItem\",\"position\":1,\"name\":\"In\u00edcio\",\"item\":\"https:\\\/\\\/gabrieljunior.com\\\/\"},{\"@type\":\"ListItem\",\"position\":2,\"name\":\"Mo\u00e7ambique em Destaque no Palco Mundial do Boxe nos Emirados \u00c1rabes Unidos\"}]},{\"@type\":\"WebSite\",\"@id\":\"https:\\\/\\\/gabrieljunior.com\\\/en\\\/#website\",\"url\":\"https:\\\/\\\/gabrieljunior.com\\\/en\\\/\",\"name\":\"Gabriel J\u00fanior\",\"description\":\"O Filho do Povo\",\"publisher\":{\"@id\":\"https:\\\/\\\/gabrieljunior.com\\\/en\\\/#organization\"},\"potentialAction\":[{\"@type\":\"SearchAction\",\"target\":{\"@type\":\"EntryPoint\",\"urlTemplate\":\"https:\\\/\\\/gabrieljunior.com\\\/en\\\/?s={search_term_string}\"},\"query-input\":{\"@type\":\"PropertyValueSpecification\",\"valueRequired\":true,\"valueName\":\"search_term_string\"}}],\"inLanguage\":\"en-US\"},{\"@type\":\"Organization\",\"@id\":\"https:\\\/\\\/gabrieljunior.com\\\/en\\\/#organization\",\"name\":\"Gabriel J\u00fanior\",\"url\":\"https:\\\/\\\/gabrieljunior.com\\\/en\\\/\",\"logo\":{\"@type\":\"ImageObject\",\"inLanguage\":\"en-US\",\"@id\":\"https:\\\/\\\/gabrieljunior.com\\\/en\\\/#\\\/schema\\\/logo\\\/image\\\/\",\"url\":\"https:\\\/\\\/gabrieljunior.com\\\/wp-content\\\/uploads\\\/2025\\\/09\\\/Background.png\",\"contentUrl\":\"https:\\\/\\\/gabrieljunior.com\\\/wp-content\\\/uploads\\\/2025\\\/09\\\/Background.png\",\"width\":802,\"height\":802,\"caption\":\"Gabriel J\u00fanior\"},\"image\":{\"@id\":\"https:\\\/\\\/gabrieljunior.com\\\/en\\\/#\\\/schema\\\/logo\\\/image\\\/\"},\"sameAs\":[\"https:\\\/\\\/www.facebook.com\\\/gabriel.junior.100046\\\/\",\"https:\\\/\\\/www.instagram.com\\\/gabrieljuniorofficial\\\/?hl=en\"]},{\"@type\":\"Person\",\"@id\":\"https:\\\/\\\/gabrieljunior.com\\\/en\\\/#\\\/schema\\\/person\\\/d359b21d04ecd204904f943fe82d245f\",\"name\":\"Gabriel J\u00fanior\",\"image\":{\"@type\":\"ImageObject\",\"inLanguage\":\"en-US\",\"@id\":\"https:\\\/\\\/secure.gravatar.com\\\/avatar\\\/2aec88c73f5c220e9d87614f9302e5930acac09180ef9a0eb2643ff668e69199?s=96&d=mm&r=g\",\"url\":\"https:\\\/\\\/secure.gravatar.com\\\/avatar\\\/2aec88c73f5c220e9d87614f9302e5930acac09180ef9a0eb2643ff668e69199?s=96&d=mm&r=g\",\"contentUrl\":\"https:\\\/\\\/secure.gravatar.com\\\/avatar\\\/2aec88c73f5c220e9d87614f9302e5930acac09180ef9a0eb2643ff668e69199?s=96&d=mm&r=g\",\"caption\":\"Gabriel J\u00fanior\"},\"url\":\"https:\\\/\\\/gabrieljunior.com\\\/en\\\/author\\\/gabrieljr\\\/\"}]}<\/script>\n<!-- \/ Yoast SEO plugin. -->","yoast_head_json":{"title":"Mo\u00e7ambique em Destaque no Palco Mundial do Boxe nos Emirados \u00c1rabes Unidos - Gabriel J\u00fanior","robots":{"index":"index","follow":"follow","max-snippet":"max-snippet:-1","max-image-preview":"max-image-preview:large","max-video-preview":"max-video-preview:-1"},"canonical":"https:\/\/gabrieljunior.com\/en\/mocambique-em-destaque-no-palco-mundial-do-boxe-nos-emirados-arabes-unidos\/","og_locale":"en_US","og_type":"article","og_title":"Mo\u00e7ambique em Destaque no Palco Mundial do Boxe nos Emirados \u00c1rabes Unidos - Gabriel J\u00fanior","og_description":"Num cen\u00e1rio grandioso, em plena sala de confer\u00eancias nos Emirados \u00c1rabes Unidos, o mundo do boxe reuniu algumas das figuras mais influentes da modalidade para celebrar a vis\u00e3o global do boxe e o anivers\u00e1rio da IBA (Associa\u00e7\u00e3o Internacional de Boxe). O palco foi ocupado por verdadeiros \u00edcones do desporto: Umar Kremlev, presidente da Confedera\u00e7\u00e3o Internacional [&hellip;]","og_url":"https:\/\/gabrieljunior.com\/en\/mocambique-em-destaque-no-palco-mundial-do-boxe-nos-emirados-arabes-unidos\/","og_site_name":"Gabriel J\u00fanior","article_publisher":"https:\/\/www.facebook.com\/gabriel.junior.100046\/","article_published_time":"2025-12-15T09:28:32+00:00","article_modified_time":"2025-12-15T11:19:56+00:00","og_image":[{"width":1440,"height":960,"url":"https:\/\/gabrieljunior.com\/wp-content\/uploads\/2025\/12\/600981812_1413211716838494_2282136535493467906_n.jpg","type":"image\/jpeg"}],"author":"Gabriel J\u00fanior","twitter_card":"summary_large_image","twitter_misc":{"Written by":"Gabriel J\u00fanior","Est. reading time":"2 minutes"},"schema":{"@context":"https:\/\/schema.org","@graph":[{"@type":"Article","@id":"https:\/\/gabrieljunior.com\/mocambique-em-destaque-no-palco-mundial-do-boxe-nos-emirados-arabes-unidos\/#article","isPartOf":{"@id":"https:\/\/gabrieljunior.com\/mocambique-em-destaque-no-palco-mundial-do-boxe-nos-emirados-arabes-unidos\/"},"author":{"name":"Gabriel J\u00fanior","@id":"https:\/\/gabrieljunior.com\/en\/#\/schema\/person\/d359b21d04ecd204904f943fe82d245f"},"headline":"Mo\u00e7ambique em Destaque no Palco Mundial do Boxe nos Emirados \u00c1rabes Unidos","datePublished":"2025-12-15T09:28:32+00:00","dateModified":"2025-12-15T11:19:56+00:00","mainEntityOfPage":{"@id":"https:\/\/gabrieljunior.com\/mocambique-em-destaque-no-palco-mundial-do-boxe-nos-emirados-arabes-unidos\/"},"wordCount":275,"commentCount":0,"publisher":{"@id":"https:\/\/gabrieljunior.com\/en\/#organization"},"image":{"@id":"https:\/\/gabrieljunior.com\/mocambique-em-destaque-no-palco-mundial-do-boxe-nos-emirados-arabes-unidos\/#primaryimage"},"thumbnailUrl":"https:\/\/gabrieljunior.com\/wp-content\/uploads\/2025\/12\/600981812_1413211716838494_2282136535493467906_n.jpg","articleSection":["Desporto"],"inLanguage":"en-US","potentialAction":[{"@type":"CommentAction","name":"Comment","target":["https:\/\/gabrieljunior.com\/mocambique-em-destaque-no-palco-mundial-do-boxe-nos-emirados-arabes-unidos\/#respond"]}]},{"@type":"WebPage","@id":"https:\/\/gabrieljunior.com\/mocambique-em-destaque-no-palco-mundial-do-boxe-nos-emirados-arabes-unidos\/","url":"https:\/\/gabrieljunior.com\/mocambique-em-destaque-no-palco-mundial-do-boxe-nos-emirados-arabes-unidos\/","name":"Mo\u00e7ambique em Destaque no Palco Mundial do Boxe nos Emirados \u00c1rabes Unidos - Gabriel J\u00fanior","isPartOf":{"@id":"https:\/\/gabrieljunior.com\/en\/#website"},"primaryImageOfPage":{"@id":"https:\/\/gabrieljunior.com\/mocambique-em-destaque-no-palco-mundial-do-boxe-nos-emirados-arabes-unidos\/#primaryimage"},"image":{"@id":"https:\/\/gabrieljunior.com\/mocambique-em-destaque-no-palco-mundial-do-boxe-nos-emirados-arabes-unidos\/#primaryimage"},"thumbnailUrl":"https:\/\/gabrieljunior.com\/wp-content\/uploads\/2025\/12\/600981812_1413211716838494_2282136535493467906_n.jpg","datePublished":"2025-12-15T09:28:32+00:00","dateModified":"2025-12-15T11:19:56+00:00","breadcrumb":{"@id":"https:\/\/gabrieljunior.com\/mocambique-em-destaque-no-palco-mundial-do-boxe-nos-emirados-arabes-unidos\/#breadcrumb"},"inLanguage":"en-US","potentialAction":[{"@type":"ReadAction","target":["https:\/\/gabrieljunior.com\/mocambique-em-destaque-no-palco-mundial-do-boxe-nos-emirados-arabes-unidos\/"]}]},{"@type":"ImageObject","inLanguage":"en-US","@id":"https:\/\/gabrieljunior.com\/mocambique-em-destaque-no-palco-mundial-do-boxe-nos-emirados-arabes-unidos\/#primaryimage","url":"https:\/\/gabrieljunior.com\/wp-content\/uploads\/2025\/12\/600981812_1413211716838494_2282136535493467906_n.jpg","contentUrl":"https:\/\/gabrieljunior.com\/wp-content\/uploads\/2025\/12\/600981812_1413211716838494_2282136535493467906_n.jpg","width":1440,"height":960},{"@type":"BreadcrumbList","@id":"https:\/\/gabrieljunior.com\/mocambique-em-destaque-no-palco-mundial-do-boxe-nos-emirados-arabes-unidos\/#breadcrumb","itemListElement":[{"@type":"ListItem","position":1,"name":"In\u00edcio","item":"https:\/\/gabrieljunior.com\/"},{"@type":"ListItem","position":2,"name":"Mo\u00e7ambique em Destaque no Palco Mundial do Boxe nos Emirados \u00c1rabes Unidos"}]},{"@type":"WebSite","@id":"https:\/\/gabrieljunior.com\/en\/#website","url":"https:\/\/gabrieljunior.com\/en\/","name":"Gabriel J\u00fanior","description":"O Filho do Povo","publisher":{"@id":"https:\/\/gabrieljunior.com\/en\/#organization"},"potentialAction":[{"@type":"SearchAction","target":{"@type":"EntryPoint","urlTemplate":"https:\/\/gabrieljunior.com\/en\/?s={search_term_string}"},"query-input":{"@type":"PropertyValueSpecification","valueRequired":true,"valueName":"search_term_string"}}],"inLanguage":"en-US"},{"@type":"Organization","@id":"https:\/\/gabrieljunior.com\/en\/#organization","name":"Gabriel J\u00fanior","url":"https:\/\/gabrieljunior.com\/en\/","logo":{"@type":"ImageObject","inLanguage":"en-US","@id":"https:\/\/gabrieljunior.com\/en\/#\/schema\/logo\/image\/","url":"https:\/\/gabrieljunior.com\/wp-content\/uploads\/2025\/09\/Background.png","contentUrl":"https:\/\/gabrieljunior.com\/wp-content\/uploads\/2025\/09\/Background.png","width":802,"height":802,"caption":"Gabriel J\u00fanior"},"image":{"@id":"https:\/\/gabrieljunior.com\/en\/#\/schema\/logo\/image\/"},"sameAs":["https:\/\/www.facebook.com\/gabriel.junior.100046\/","https:\/\/www.instagram.com\/gabrieljuniorofficial\/?hl=en"]},{"@type":"Person","@id":"https:\/\/gabrieljunior.com\/en\/#\/schema\/person\/d359b21d04ecd204904f943fe82d245f","name":"Gabriel J\u00fanior","image":{"@type":"ImageObject","inLanguage":"en-US","@id":"https:\/\/secure.gravatar.com\/avatar\/2aec88c73f5c220e9d87614f9302e5930acac09180ef9a0eb2643ff668e69199?s=96&d=mm&r=g","url":"https:\/\/secure.gravatar.com\/avatar\/2aec88c73f5c220e9d87614f9302e5930acac09180ef9a0eb2643ff668e69199?s=96&d=mm&r=g","contentUrl":"https:\/\/secure.gravatar.com\/avatar\/2aec88c73f5c220e9d87614f9302e5930acac09180ef9a0eb2643ff668e69199?s=96&d=mm&r=g","caption":"Gabriel J\u00fanior"},"url":"https:\/\/gabrieljunior.com\/en\/author\/gabrieljr\/"}]}},"_links":{"self":[{"href":"https:\/\/gabrieljunior.com\/en\/wp-json\/wp\/v2\/posts\/1806","targetHints":{"allow":["GET"]}}],"collection":[{"href":"https:\/\/gabrieljunior.com\/en\/wp-json\/wp\/v2\/posts"}],"about":[{"href":"https:\/\/gabrieljunior.com\/en\/wp-json\/wp\/v2\/types\/post"}],"author":[{"embeddable":true,"href":"https:\/\/gabrieljunior.com\/en\/wp-json\/wp\/v2\/users\/2"}],"replies":[{"embeddable":true,"href":"https:\/\/gabrieljunior.com\/en\/wp-json\/wp\/v2\/comments?post=1806"}],"version-history":[{"count":1,"href":"https:\/\/gabrieljunior.com\/en\/wp-json\/wp\/v2\/posts\/1806\/revisions"}],"predecessor-version":[{"id":1808,"href":"https:\/\/gabrieljunior.com\/en\/wp-json\/wp\/v2\/posts\/1806\/revisions\/1808"}],"wp:featuredmedia":[{"embeddable":true,"href":"https:\/\/gabrieljunior.com\/en\/wp-json\/wp\/v2\/media\/1807"}],"wp:attachment":[{"href":"https:\/\/gabrieljunior.com\/en\/wp-json\/wp\/v2\/media?parent=1806"}],"wp:term":[{"taxonomy":"category","embeddable":true,"href":"https:\/\/gabrieljunior.com\/en\/wp-json\/wp\/v2\/categories?post=1806"},{"taxonomy":"post_tag","embeddable":true,"href":"https:\/\/gabrieljunior.com\/en\/wp-json\/wp\/v2\/tags?post=1806"}],"curies":[{"name":"wp","href":"https:\/\/api.w.org\/{rel}","templated":true}]}}